{"id":129,"date":"2010-09-09T20:21:09","date_gmt":"2010-09-09T18:21:09","guid":{"rendered":"https:\/\/blog.perfektegesundheit.de\/?p=129"},"modified":"2024-01-20T13:44:40","modified_gmt":"2024-01-20T11:44:40","slug":"wodurch-unterscheidet-sich-der-vitamix-trockenbehaelter-vom-nassschneide-behaelter","status":"publish","type":"post","link":"https:\/\/www.perfektegesundheit.de\/blog\/wodurch-unterscheidet-sich-der-vitamix-trockenbehaelter-vom-nassschneide-behaelter\/","title":{"rendered":"Wodurch unterscheidet sich der VitaMix Trockenbeh\u00e4lter vom Na\u00dfschneide-Beh\u00e4lter?"},"content":{"rendered":"<p>Wodurch unterscheidet sich der <a href=\"https:\/\/www.perfektegesundheit.de\/vitamix-trockenbehaelter-0-9-liter-tritan\" target=\"_blank\" rel=\"noopener noreferrer\">VitaMix Trockenbeh\u00e4lter<\/a> vom Na\u00dfschneide-Beh\u00e4lter?<\/p>\n<p>Der Na\u00dfbeh\u00e4lter hat 2,0 Liter Volumen und der Trockenbeh\u00e4lter 0,9 Liter. die Messer vom Trockenbeh\u00e4lter stehen etwas h\u00f6her als beim Nass-Schneidemesser.<\/p>\n<p>Der Trockenbeh\u00e4lter ist speziell f\u00fcr das Mahlen von Vollkorn geeignet, spaltet Getreidek\u00f6rner und knetet Teigmassen. Es l\u00e4sst sich damit auch Kaffee aus ganzen Bohnen, Reis und Gew\u00fcrze mahlen. Zum Trockenbeh\u00e4lter geh\u00f6rt ein Vollkorn-Kochbuch. Der Deckel und St\u00f6\u00dfel (Stopfer) vom Nassbeh\u00e4lter wird auch f\u00fcr den Trockenbeh\u00e4lter verwendet.<\/p>\n","protected":false},"excerpt":{"rendered":"<p>Wodurch unterscheidet sich der VitaMix Trockenbeh\u00e4lter vom Na\u00dfschneide-Beh\u00e4lter? Der Na\u00dfbeh\u00e4lter hat 2,0 Liter Volumen und der Trockenbeh\u00e4lter 0,9 Liter. die Messer vom Trockenbeh\u00e4lter stehen etwas h\u00f6her als beim Nass-Schneidemesser. Der Trockenbeh\u00e4lter ist speziell f\u00fcr das Mahlen von Vollkorn geeignet, spaltet Getreidek\u00f6rner und knetet Teigmassen. Es l\u00e4sst sich damit auch Kaffee aus ganzen Bohnen, Reis und &#8230; <a title=\"Wodurch unterscheidet sich der VitaMix Trockenbeh\u00e4lter vom Na\u00dfschneide-Beh\u00e4lter?\" class=\"read-more\" href=\"https:\/\/www.perfektegesundheit.de\/blog\/wodurch-unterscheidet-sich-der-vitamix-trockenbehaelter-vom-nassschneide-behaelter\/\" aria-label=\"Mehr Informationen \u00fcber Wodurch unterscheidet sich der VitaMix Trockenbeh\u00e4lter vom Na\u00dfschneide-Beh\u00e4lter?\">Weiterlesen<\/a><\/p>\n","protected":false},"author":3,"featured_media":154,"comment_status":"open","ping_status":"open","sticky":false,"template":"","format":"standard","meta":{"_uag_custom_page_level_css":"","wprm-recipe-roundup-name":"","wprm-recipe-roundup-description":"","footnotes":""},"categories":[11,519],"tags":[341,235],"class_list":["post-129","post","type-post","status-publish","format-standard","has-post-thumbnail","hentry","category-mixer","category-reviews","tag-mixer","tag-vitamix"],"yoast_head":"<!-- This site is optimized with the Yoast SEO plugin v26.5 - https:\/\/yoast.com\/wordpress\/plugins\/seo\/ -->\n<title>Wodurch unterscheidet sich der VitaMix Trockenbeh\u00e4lter vom Na\u00dfschneide-Beh\u00e4lter?<\/title>\n<meta name=\"description\" content=\"Wodurch unterscheidet sich der VitaMix Trockenbeh\u00e4lter vom Na\u00dfschneide-Beh\u00e4lter? Der Na\u00dfbeh\u00e4lter hat 2,0 Liter Volumen und der Trockenbeh\u00e4lter 0,9 Liter. die\" \/>\n<meta name=\"robots\" content=\"index, follow, max-snippet:-1, max-image-preview:large, max-video-preview:-1\" \/>\n<link rel=\"canonical\" href=\"https:\/\/www.perfektegesundheit.de\/blog\/wodurch-unterscheidet-sich-der-vitamix-trockenbehaelter-vom-nassschneide-behaelter\/\" \/>\n<meta property=\"og:locale\" content=\"de_DE\" \/>\n<meta property=\"og:type\" content=\"article\" \/>\n<meta property=\"og:title\" content=\"Wodurch unterscheidet sich der VitaMix Trockenbeh\u00e4lter vom Na\u00dfschneide-Beh\u00e4lter?\" \/>\n<meta property=\"og:description\" content=\"Wodurch unterscheidet sich der VitaMix Trockenbeh\u00e4lter vom Na\u00dfschneide-Beh\u00e4lter? Der Na\u00dfbeh\u00e4lter hat 2,0 Liter Volumen und der Trockenbeh\u00e4lter 0,9 Liter. die\" \/>\n<meta property=\"og:url\" content=\"https:\/\/www.perfektegesundheit.de\/blog\/wodurch-unterscheidet-sich-der-vitamix-trockenbehaelter-vom-nassschneide-behaelter\/\" \/>\n<meta property=\"og:site_name\" content=\"Perfekte Gesundheit Blog\" \/>\n<meta property=\"article:publisher\" content=\"https:\/\/www.facebook.com\/PerfekteGesundheitShop\/\" \/>\n<meta property=\"article:author\" content=\"https:\/\/www.facebook.com\/PerfekteGesundheitShop\/\" \/>\n<meta property=\"article:published_time\" content=\"2010-09-09T18:21:09+00:00\" \/>\n<meta property=\"article:modified_time\" content=\"2024-01-20T11:44:40+00:00\" \/>\n<meta property=\"og:image\" content=\"https:\/\/www.perfektegesundheit.de\/blog\/wp-content\/uploads\/2010\/09\/165_vita-mix-trockenbehaelter-mit-deckel_original.jpg\" \/>\n\t<meta property=\"og:image:width\" content=\"1500\" \/>\n\t<meta property=\"og:image:height\" content=\"1180\" \/>\n\t<meta property=\"og:image:type\" content=\"image\/jpeg\" \/>\n<meta name=\"author\" content=\"Simon Bodzioch\" \/>\n<meta name=\"twitter:label1\" content=\"Verfasst von\" \/>\n\t<meta name=\"twitter:data1\" content=\"Simon Bodzioch\" \/>\n<script type=\"application\/ld+json\" class=\"yoast-schema-graph\">{\"@context\":\"https:\/\/schema.org\",\"@graph\":[{\"@type\":\"Article\",\"@id\":\"https:\/\/www.perfektegesundheit.de\/blog\/wodurch-unterscheidet-sich-der-vitamix-trockenbehaelter-vom-nassschneide-behaelter\/#article\",\"isPartOf\":{\"@id\":\"https:\/\/www.perfektegesundheit.de\/blog\/wodurch-unterscheidet-sich-der-vitamix-trockenbehaelter-vom-nassschneide-behaelter\/\"},\"author\":{\"name\":\"Simon Bodzioch\",\"@id\":\"https:\/\/www.perfektegesundheit.de\/blog\/#\/schema\/person\/53b3fdea259cc992e3cb2ad2ace99803\"},\"headline\":\"Wodurch unterscheidet sich der VitaMix Trockenbeh\u00e4lter vom Na\u00dfschneide-Beh\u00e4lter?\",\"datePublished\":\"2010-09-09T18:21:09+00:00\",\"dateModified\":\"2024-01-20T11:44:40+00:00\",\"mainEntityOfPage\":{\"@id\":\"https:\/\/www.perfektegesundheit.de\/blog\/wodurch-unterscheidet-sich-der-vitamix-trockenbehaelter-vom-nassschneide-behaelter\/\"},\"wordCount\":103,\"commentCount\":0,\"publisher\":{\"@id\":\"https:\/\/www.perfektegesundheit.de\/blog\/#organization\"},\"image\":{\"@id\":\"https:\/\/www.perfektegesundheit.de\/blog\/wodurch-unterscheidet-sich-der-vitamix-trockenbehaelter-vom-nassschneide-behaelter\/#primaryimage\"},\"thumbnailUrl\":\"https:\/\/www.perfektegesundheit.de\/blog\/wp-content\/uploads\/2010\/09\/165_vita-mix-trockenbehaelter-mit-deckel_original.jpg\",\"keywords\":[\"Mixer\",\"VitaMix\"],\"articleSection\":[\"Mixer\",\"Reviews\"],\"inLanguage\":\"de\",\"potentialAction\":[{\"@type\":\"CommentAction\",\"name\":\"Comment\",\"target\":[\"https:\/\/www.perfektegesundheit.de\/blog\/wodurch-unterscheidet-sich-der-vitamix-trockenbehaelter-vom-nassschneide-behaelter\/#respond\"]}]},{\"@type\":\"WebPage\",\"@id\":\"https:\/\/www.perfektegesundheit.de\/blog\/wodurch-unterscheidet-sich-der-vitamix-trockenbehaelter-vom-nassschneide-behaelter\/\",\"url\":\"https:\/\/www.perfektegesundheit.de\/blog\/wodurch-unterscheidet-sich-der-vitamix-trockenbehaelter-vom-nassschneide-behaelter\/\",\"name\":\"Wodurch unterscheidet sich der VitaMix Trockenbeh\u00e4lter vom Na\u00dfschneide-Beh\u00e4lter?\",\"isPartOf\":{\"@id\":\"https:\/\/www.perfektegesundheit.de\/blog\/#website\"},\"primaryImageOfPage\":{\"@id\":\"https:\/\/www.perfektegesundheit.de\/blog\/wodurch-unterscheidet-sich-der-vitamix-trockenbehaelter-vom-nassschneide-behaelter\/#primaryimage\"},\"image\":{\"@id\":\"https:\/\/www.perfektegesundheit.de\/blog\/wodurch-unterscheidet-sich-der-vitamix-trockenbehaelter-vom-nassschneide-behaelter\/#primaryimage\"},\"thumbnailUrl\":\"https:\/\/www.perfektegesundheit.de\/blog\/wp-content\/uploads\/2010\/09\/165_vita-mix-trockenbehaelter-mit-deckel_original.jpg\",\"datePublished\":\"2010-09-09T18:21:09+00:00\",\"dateModified\":\"2024-01-20T11:44:40+00:00\",\"description\":\"Wodurch unterscheidet sich der VitaMix Trockenbeh\u00e4lter vom Na\u00dfschneide-Beh\u00e4lter? Der Na\u00dfbeh\u00e4lter hat 2,0 Liter Volumen und der Trockenbeh\u00e4lter 0,9 Liter. die\",\"breadcrumb\":{\"@id\":\"https:\/\/www.perfektegesundheit.de\/blog\/wodurch-unterscheidet-sich-der-vitamix-trockenbehaelter-vom-nassschneide-behaelter\/#breadcrumb\"},\"inLanguage\":\"de\",\"potentialAction\":[{\"@type\":\"ReadAction\",\"target\":[\"https:\/\/www.perfektegesundheit.de\/blog\/wodurch-unterscheidet-sich-der-vitamix-trockenbehaelter-vom-nassschneide-behaelter\/\"]}]},{\"@type\":\"ImageObject\",\"inLanguage\":\"de\",\"@id\":\"https:\/\/www.perfektegesundheit.de\/blog\/wodurch-unterscheidet-sich-der-vitamix-trockenbehaelter-vom-nassschneide-behaelter\/#primaryimage\",\"url\":\"https:\/\/www.perfektegesundheit.de\/blog\/wp-content\/uploads\/2010\/09\/165_vita-mix-trockenbehaelter-mit-deckel_original.jpg\",\"contentUrl\":\"https:\/\/www.perfektegesundheit.de\/blog\/wp-content\/uploads\/2010\/09\/165_vita-mix-trockenbehaelter-mit-deckel_original.jpg\",\"width\":1500,\"height\":1180,\"caption\":\"Vitamix-Trockenbeh\u00e4lter 0,9 Liter\"},{\"@type\":\"BreadcrumbList\",\"@id\":\"https:\/\/www.perfektegesundheit.de\/blog\/wodurch-unterscheidet-sich-der-vitamix-trockenbehaelter-vom-nassschneide-behaelter\/#breadcrumb\",\"itemListElement\":[{\"@type\":\"ListItem\",\"position\":1,\"name\":\"Home\",\"item\":\"https:\/\/www.perfektegesundheit.de\/blog\/\"},{\"@type\":\"ListItem\",\"position\":2,\"name\":\"Wodurch unterscheidet sich der VitaMix Trockenbeh\u00e4lter vom Na\u00dfschneide-Beh\u00e4lter?\"}]},{\"@type\":\"WebSite\",\"@id\":\"https:\/\/www.perfektegesundheit.de\/blog\/#website\",\"url\":\"https:\/\/www.perfektegesundheit.de\/blog\/\",\"name\":\"Perfekte Gesundheit Blog\",\"description\":\"Gesunde Ern\u00e4hrung mit Vollwertkost &amp; Rohkost\",\"publisher\":{\"@id\":\"https:\/\/www.perfektegesundheit.de\/blog\/#organization\"},\"potentialAction\":[{\"@type\":\"SearchAction\",\"target\":{\"@type\":\"EntryPoint\",\"urlTemplate\":\"https:\/\/www.perfektegesundheit.de\/blog\/?s={search_term_string}\"},\"query-input\":{\"@type\":\"PropertyValueSpecification\",\"valueRequired\":true,\"valueName\":\"search_term_string\"}}],\"inLanguage\":\"de\"},{\"@type\":\"Organization\",\"@id\":\"https:\/\/www.perfektegesundheit.de\/blog\/#organization\",\"name\":\"PerfekteGesundheit.de - Simon Bodzioch\",\"url\":\"https:\/\/www.perfektegesundheit.de\/blog\/\",\"logo\":{\"@type\":\"ImageObject\",\"inLanguage\":\"de\",\"@id\":\"https:\/\/www.perfektegesundheit.de\/blog\/#\/schema\/logo\/image\/\",\"url\":\"https:\/\/www.perfektegesundheit.de\/blog\/wp-content\/uploads\/2020\/01\/logo.jpg\",\"contentUrl\":\"https:\/\/www.perfektegesundheit.de\/blog\/wp-content\/uploads\/2020\/01\/logo.jpg\",\"width\":185,\"height\":78,\"caption\":\"PerfekteGesundheit.de - Simon Bodzioch\"},\"image\":{\"@id\":\"https:\/\/www.perfektegesundheit.de\/blog\/#\/schema\/logo\/image\/\"},\"sameAs\":[\"https:\/\/www.facebook.com\/PerfekteGesundheitShop\/\",\"https:\/\/x.com\/gesundheit_shop\",\"https:\/\/instagram.com\/perfektegesundheit\",\"https:\/\/www.pinterest.de\/entsafter\/\",\"http:\/\/www.youtube.com\/PerfekteGesundheit\"]},{\"@type\":\"Person\",\"@id\":\"https:\/\/www.perfektegesundheit.de\/blog\/#\/schema\/person\/53b3fdea259cc992e3cb2ad2ace99803\",\"name\":\"Simon Bodzioch\",\"image\":{\"@type\":\"ImageObject\",\"inLanguage\":\"de\",\"@id\":\"https:\/\/www.perfektegesundheit.de\/blog\/#\/schema\/person\/image\/\",\"url\":\"https:\/\/secure.gravatar.com\/avatar\/268a7b92da8b67d183f0917abf90935edce353f34c707b4ef497f9d0b807aa31?s=96&d=mm&r=g\",\"contentUrl\":\"https:\/\/secure.gravatar.com\/avatar\/268a7b92da8b67d183f0917abf90935edce353f34c707b4ef497f9d0b807aa31?s=96&d=mm&r=g\",\"caption\":\"Simon Bodzioch\"},\"description\":\"Simon Bodzioch besch\u00e4ftigt sich seit 1998 mit den Themen \\\"nat\u00fcrliche Gesundheit\\\" und vegane Rohkost. Der PGS\u00ae Blog bietet dir kostenlose Tipps, Rezepte, Videos und informiert \u00fcber Produktneuheiten. Erfahre, wie du deinen Obst-, Gem\u00fcse-, Rohkost-, und Chlorophyllanteil mit einem \u00fcberschaubaren Zeitaufwand steigern und so eine bessere Gesundheit und mehr Wohlbefinden erreichen kannst.\",\"sameAs\":[\"http:\/\/www.perfektegesundheit.de\",\"https:\/\/www.facebook.com\/PerfekteGesundheitShop\/\",\"https:\/\/www.instagram.com\/entsafter\",\"https:\/\/x.com\/https:\/\/twitter.com\/gesundheit_shop\",\"https:\/\/www.youtube.com\/user\/PerfekteGesundheit\"]}]}<\/script>\n<!-- \/ Yoast SEO plugin. -->","yoast_head_json":{"title":"Wodurch unterscheidet sich der VitaMix Trockenbeh\u00e4lter vom Na\u00dfschneide-Beh\u00e4lter?","description":"Wodurch unterscheidet sich der VitaMix Trockenbeh\u00e4lter vom Na\u00dfschneide-Beh\u00e4lter? Der Na\u00dfbeh\u00e4lter hat 2,0 Liter Volumen und der Trockenbeh\u00e4lter 0,9 Liter. die","robots":{"index":"index","follow":"follow","max-snippet":"max-snippet:-1","max-image-preview":"max-image-preview:large","max-video-preview":"max-video-preview:-1"},"canonical":"https:\/\/www.perfektegesundheit.de\/blog\/wodurch-unterscheidet-sich-der-vitamix-trockenbehaelter-vom-nassschneide-behaelter\/","og_locale":"de_DE","og_type":"article","og_title":"Wodurch unterscheidet sich der VitaMix Trockenbeh\u00e4lter vom Na\u00dfschneide-Beh\u00e4lter?","og_description":"Wodurch unterscheidet sich der VitaMix Trockenbeh\u00e4lter vom Na\u00dfschneide-Beh\u00e4lter? Der Na\u00dfbeh\u00e4lter hat 2,0 Liter Volumen und der Trockenbeh\u00e4lter 0,9 Liter. die","og_url":"https:\/\/www.perfektegesundheit.de\/blog\/wodurch-unterscheidet-sich-der-vitamix-trockenbehaelter-vom-nassschneide-behaelter\/","og_site_name":"Perfekte Gesundheit Blog","article_publisher":"https:\/\/www.facebook.com\/PerfekteGesundheitShop\/","article_author":"https:\/\/www.facebook.com\/PerfekteGesundheitShop\/","article_published_time":"2010-09-09T18:21:09+00:00","article_modified_time":"2024-01-20T11:44:40+00:00","og_image":[{"width":1500,"height":1180,"url":"https:\/\/www.perfektegesundheit.de\/blog\/wp-content\/uploads\/2010\/09\/165_vita-mix-trockenbehaelter-mit-deckel_original.jpg","type":"image\/jpeg"}],"author":"Simon Bodzioch","twitter_misc":{"Verfasst von":"Simon Bodzioch"},"schema":{"@context":"https:\/\/schema.org","@graph":[{"@type":"Article","@id":"https:\/\/www.perfektegesundheit.de\/blog\/wodurch-unterscheidet-sich-der-vitamix-trockenbehaelter-vom-nassschneide-behaelter\/#article","isPartOf":{"@id":"https:\/\/www.perfektegesundheit.de\/blog\/wodurch-unterscheidet-sich-der-vitamix-trockenbehaelter-vom-nassschneide-behaelter\/"},"author":{"name":"Simon Bodzioch","@id":"https:\/\/www.perfektegesundheit.de\/blog\/#\/schema\/person\/53b3fdea259cc992e3cb2ad2ace99803"},"headline":"Wodurch unterscheidet sich der VitaMix Trockenbeh\u00e4lter vom Na\u00dfschneide-Beh\u00e4lter?","datePublished":"2010-09-09T18:21:09+00:00","dateModified":"2024-01-20T11:44:40+00:00","mainEntityOfPage":{"@id":"https:\/\/www.perfektegesundheit.de\/blog\/wodurch-unterscheidet-sich-der-vitamix-trockenbehaelter-vom-nassschneide-behaelter\/"},"wordCount":103,"commentCount":0,"publisher":{"@id":"https:\/\/www.perfektegesundheit.de\/blog\/#organization"},"image":{"@id":"https:\/\/www.perfektegesundheit.de\/blog\/wodurch-unterscheidet-sich-der-vitamix-trockenbehaelter-vom-nassschneide-behaelter\/#primaryimage"},"thumbnailUrl":"https:\/\/www.perfektegesundheit.de\/blog\/wp-content\/uploads\/2010\/09\/165_vita-mix-trockenbehaelter-mit-deckel_original.jpg","keywords":["Mixer","VitaMix"],"articleSection":["Mixer","Reviews"],"inLanguage":"de","potentialAction":[{"@type":"CommentAction","name":"Comment","target":["https:\/\/www.perfektegesundheit.de\/blog\/wodurch-unterscheidet-sich-der-vitamix-trockenbehaelter-vom-nassschneide-behaelter\/#respond"]}]},{"@type":"WebPage","@id":"https:\/\/www.perfektegesundheit.de\/blog\/wodurch-unterscheidet-sich-der-vitamix-trockenbehaelter-vom-nassschneide-behaelter\/","url":"https:\/\/www.perfektegesundheit.de\/blog\/wodurch-unterscheidet-sich-der-vitamix-trockenbehaelter-vom-nassschneide-behaelter\/","name":"Wodurch unterscheidet sich der VitaMix Trockenbeh\u00e4lter vom Na\u00dfschneide-Beh\u00e4lter?","isPartOf":{"@id":"https:\/\/www.perfektegesundheit.de\/blog\/#website"},"primaryImageOfPage":{"@id":"https:\/\/www.perfektegesundheit.de\/blog\/wodurch-unterscheidet-sich-der-vitamix-trockenbehaelter-vom-nassschneide-behaelter\/#primaryimage"},"image":{"@id":"https:\/\/www.perfektegesundheit.de\/blog\/wodurch-unterscheidet-sich-der-vitamix-trockenbehaelter-vom-nassschneide-behaelter\/#primaryimage"},"thumbnailUrl":"https:\/\/www.perfektegesundheit.de\/blog\/wp-content\/uploads\/2010\/09\/165_vita-mix-trockenbehaelter-mit-deckel_original.jpg","datePublished":"2010-09-09T18:21:09+00:00","dateModified":"2024-01-20T11:44:40+00:00","description":"Wodurch unterscheidet sich der VitaMix Trockenbeh\u00e4lter vom Na\u00dfschneide-Beh\u00e4lter? Der Na\u00dfbeh\u00e4lter hat 2,0 Liter Volumen und der Trockenbeh\u00e4lter 0,9 Liter. die","breadcrumb":{"@id":"https:\/\/www.perfektegesundheit.de\/blog\/wodurch-unterscheidet-sich-der-vitamix-trockenbehaelter-vom-nassschneide-behaelter\/#breadcrumb"},"inLanguage":"de","potentialAction":[{"@type":"ReadAction","target":["https:\/\/www.perfektegesundheit.de\/blog\/wodurch-unterscheidet-sich-der-vitamix-trockenbehaelter-vom-nassschneide-behaelter\/"]}]},{"@type":"ImageObject","inLanguage":"de","@id":"https:\/\/www.perfektegesundheit.de\/blog\/wodurch-unterscheidet-sich-der-vitamix-trockenbehaelter-vom-nassschneide-behaelter\/#primaryimage","url":"https:\/\/www.perfektegesundheit.de\/blog\/wp-content\/uploads\/2010\/09\/165_vita-mix-trockenbehaelter-mit-deckel_original.jpg","contentUrl":"https:\/\/www.perfektegesundheit.de\/blog\/wp-content\/uploads\/2010\/09\/165_vita-mix-trockenbehaelter-mit-deckel_original.jpg","width":1500,"height":1180,"caption":"Vitamix-Trockenbeh\u00e4lter 0,9 Liter"},{"@type":"BreadcrumbList","@id":"https:\/\/www.perfektegesundheit.de\/blog\/wodurch-unterscheidet-sich-der-vitamix-trockenbehaelter-vom-nassschneide-behaelter\/#breadcrumb","itemListElement":[{"@type":"ListItem","position":1,"name":"Home","item":"https:\/\/www.perfektegesundheit.de\/blog\/"},{"@type":"ListItem","position":2,"name":"Wodurch unterscheidet sich der VitaMix Trockenbeh\u00e4lter vom Na\u00dfschneide-Beh\u00e4lter?"}]},{"@type":"WebSite","@id":"https:\/\/www.perfektegesundheit.de\/blog\/#website","url":"https:\/\/www.perfektegesundheit.de\/blog\/","name":"Perfekte Gesundheit Blog","description":"Gesunde Ern\u00e4hrung mit Vollwertkost &amp; Rohkost","publisher":{"@id":"https:\/\/www.perfektegesundheit.de\/blog\/#organization"},"potentialAction":[{"@type":"SearchAction","target":{"@type":"EntryPoint","urlTemplate":"https:\/\/www.perfektegesundheit.de\/blog\/?s={search_term_string}"},"query-input":{"@type":"PropertyValueSpecification","valueRequired":true,"valueName":"search_term_string"}}],"inLanguage":"de"},{"@type":"Organization","@id":"https:\/\/www.perfektegesundheit.de\/blog\/#organization","name":"PerfekteGesundheit.de - Simon Bodzioch","url":"https:\/\/www.perfektegesundheit.de\/blog\/","logo":{"@type":"ImageObject","inLanguage":"de","@id":"https:\/\/www.perfektegesundheit.de\/blog\/#\/schema\/logo\/image\/","url":"https:\/\/www.perfektegesundheit.de\/blog\/wp-content\/uploads\/2020\/01\/logo.jpg","contentUrl":"https:\/\/www.perfektegesundheit.de\/blog\/wp-content\/uploads\/2020\/01\/logo.jpg","width":185,"height":78,"caption":"PerfekteGesundheit.de - Simon Bodzioch"},"image":{"@id":"https:\/\/www.perfektegesundheit.de\/blog\/#\/schema\/logo\/image\/"},"sameAs":["https:\/\/www.facebook.com\/PerfekteGesundheitShop\/","https:\/\/x.com\/gesundheit_shop","https:\/\/instagram.com\/perfektegesundheit","https:\/\/www.pinterest.de\/entsafter\/","http:\/\/www.youtube.com\/PerfekteGesundheit"]},{"@type":"Person","@id":"https:\/\/www.perfektegesundheit.de\/blog\/#\/schema\/person\/53b3fdea259cc992e3cb2ad2ace99803","name":"Simon Bodzioch","image":{"@type":"ImageObject","inLanguage":"de","@id":"https:\/\/www.perfektegesundheit.de\/blog\/#\/schema\/person\/image\/","url":"https:\/\/secure.gravatar.com\/avatar\/268a7b92da8b67d183f0917abf90935edce353f34c707b4ef497f9d0b807aa31?s=96&d=mm&r=g","contentUrl":"https:\/\/secure.gravatar.com\/avatar\/268a7b92da8b67d183f0917abf90935edce353f34c707b4ef497f9d0b807aa31?s=96&d=mm&r=g","caption":"Simon Bodzioch"},"description":"Simon Bodzioch besch\u00e4ftigt sich seit 1998 mit den Themen \"nat\u00fcrliche Gesundheit\" und vegane Rohkost. Der PGS\u00ae Blog bietet dir kostenlose Tipps, Rezepte, Videos und informiert \u00fcber Produktneuheiten. Erfahre, wie du deinen Obst-, Gem\u00fcse-, Rohkost-, und Chlorophyllanteil mit einem \u00fcberschaubaren Zeitaufwand steigern und so eine bessere Gesundheit und mehr Wohlbefinden erreichen kannst.","sameAs":["http:\/\/www.perfektegesundheit.de","https:\/\/www.facebook.com\/PerfekteGesundheitShop\/","https:\/\/www.instagram.com\/entsafter","https:\/\/x.com\/https:\/\/twitter.com\/gesundheit_shop","https:\/\/www.youtube.com\/user\/PerfekteGesundheit"]}]}},"uagb_featured_image_src":{"full":["https:\/\/www.perfektegesundheit.de\/blog\/wp-content\/uploads\/2010\/09\/165_vita-mix-trockenbehaelter-mit-deckel_original.jpg",1500,1180,false],"thumbnail":["https:\/\/www.perfektegesundheit.de\/blog\/wp-content\/uploads\/2010\/09\/165_vita-mix-trockenbehaelter-mit-deckel_original-150x150.jpg",150,150,true],"medium":["https:\/\/www.perfektegesundheit.de\/blog\/wp-content\/uploads\/2010\/09\/165_vita-mix-trockenbehaelter-mit-deckel_original-300x236.jpg",300,236,true],"medium_large":["https:\/\/www.perfektegesundheit.de\/blog\/wp-content\/uploads\/2010\/09\/165_vita-mix-trockenbehaelter-mit-deckel_original.jpg",768,604,false],"large":["https:\/\/www.perfektegesundheit.de\/blog\/wp-content\/uploads\/2010\/09\/165_vita-mix-trockenbehaelter-mit-deckel_original-1024x805.jpg",1024,805,true],"1536x1536":["https:\/\/www.perfektegesundheit.de\/blog\/wp-content\/uploads\/2010\/09\/165_vita-mix-trockenbehaelter-mit-deckel_original.jpg",1500,1180,false],"2048x2048":["https:\/\/www.perfektegesundheit.de\/blog\/wp-content\/uploads\/2010\/09\/165_vita-mix-trockenbehaelter-mit-deckel_original.jpg",1500,1180,false],"wprm-metadata-1_1":["https:\/\/www.perfektegesundheit.de\/blog\/wp-content\/uploads\/2010\/09\/165_vita-mix-trockenbehaelter-mit-deckel_original.jpg",500,393,false],"wprm-metadata-4_3":["https:\/\/www.perfektegesundheit.de\/blog\/wp-content\/uploads\/2010\/09\/165_vita-mix-trockenbehaelter-mit-deckel_original.jpg",477,375,false],"wprm-metadata-16_9":["https:\/\/www.perfektegesundheit.de\/blog\/wp-content\/uploads\/2010\/09\/165_vita-mix-trockenbehaelter-mit-deckel_original.jpg",343,270,false],"yarpp-thumbnail":["https:\/\/www.perfektegesundheit.de\/blog\/wp-content\/uploads\/2010\/09\/165_vita-mix-trockenbehaelter-mit-deckel_original.jpg",120,94,false]},"uagb_author_info":{"display_name":"Simon Bodzioch","author_link":"https:\/\/www.perfektegesundheit.de\/blog\/author\/simon\/"},"uagb_comment_info":0,"uagb_excerpt":"Wodurch unterscheidet sich der VitaMix Trockenbeh\u00e4lter vom Na\u00dfschneide-Beh\u00e4lter? Der Na\u00dfbeh\u00e4lter hat 2,0 Liter Volumen und der Trockenbeh\u00e4lter 0,9 Liter. die Messer vom Trockenbeh\u00e4lter stehen etwas h\u00f6her als beim Nass-Schneidemesser. Der Trockenbeh\u00e4lter ist speziell f\u00fcr das Mahlen von Vollkorn geeignet, spaltet Getreidek\u00f6rner und knetet Teigmassen. Es l\u00e4sst sich damit auch Kaffee aus ganzen Bohnen, Reis und&hellip;","_links":{"self":[{"href":"https:\/\/www.perfektegesundheit.de\/blog\/wp-json\/wp\/v2\/posts\/129","targetHints":{"allow":["GET"]}}],"collection":[{"href":"https:\/\/www.perfektegesundheit.de\/blog\/wp-json\/wp\/v2\/posts"}],"about":[{"href":"https:\/\/www.perfektegesundheit.de\/blog\/wp-json\/wp\/v2\/types\/post"}],"author":[{"embeddable":true,"href":"https:\/\/www.perfektegesundheit.de\/blog\/wp-json\/wp\/v2\/users\/3"}],"replies":[{"embeddable":true,"href":"https:\/\/www.perfektegesundheit.de\/blog\/wp-json\/wp\/v2\/comments?post=129"}],"version-history":[{"count":3,"href":"https:\/\/www.perfektegesundheit.de\/blog\/wp-json\/wp\/v2\/posts\/129\/revisions"}],"predecessor-version":[{"id":2289,"href":"https:\/\/www.perfektegesundheit.de\/blog\/wp-json\/wp\/v2\/posts\/129\/revisions\/2289"}],"wp:featuredmedia":[{"embeddable":true,"href":"https:\/\/www.perfektegesundheit.de\/blog\/wp-json\/wp\/v2\/media\/154"}],"wp:attachment":[{"href":"https:\/\/www.perfektegesundheit.de\/blog\/wp-json\/wp\/v2\/media?parent=129"}],"wp:term":[{"taxonomy":"category","embeddable":true,"href":"https:\/\/www.perfektegesundheit.de\/blog\/wp-json\/wp\/v2\/categories?post=129"},{"taxonomy":"post_tag","embeddable":true,"href":"https:\/\/www.perfektegesundheit.de\/blog\/wp-json\/wp\/v2\/tags?post=129"}],"curies":[{"name":"wp","href":"https:\/\/api.w.org\/{rel}","templated":true}]}}